{"id":1360,"date":"2020-03-09T11:16:27","date_gmt":"2020-03-09T11:16:27","guid":{"rendered":"http:\/\/ozpttk.pl\/?p=1360"},"modified":"2020-03-09T12:17:40","modified_gmt":"2020-03-09T12:17:40","slug":"najblizsze-wycieczki-klubu-krajoznawcow","status":"publish","type":"post","link":"http:\/\/ozpttk.pl\/index.php\/2020\/najblizsze-wycieczki-klubu-krajoznawcow\/","title":{"rendered":"Najbli\u017csze wycieczki Klubu Krajoznawc\u00f3w"},"content":{"rendered":"\n<ol>\n<li><strong>Beskid Sl\u0105ski-Wis\u0142a,Cieszyn,\u017bywiec (4 dni) <\/strong><\/li>\n<\/ol>\n<p><strong>\u00a0\u00a0\u00a0\u00a0\u00a0\u00a0\u00a0\u00a0\u00a0\u00a0\u00a0\u00a0\u00a0\u00a0\u00a0 Termin 22-25.05.2020 <\/strong><\/p>\n<p>Organizator: Robert Makuch, tel . 602-869-493<\/p>\n<p><strong>Program:<\/strong><\/p>\n<p><strong><u>22.05.2020 (pi\u0105tek)<\/u><\/strong> <strong>zbi\u00f3rka:g\u0142\u00f3wny biurowiec godz 6-00<\/strong><\/p>\n<p><strong>-przejazd Olsztyn -Wis\u0142a , zakwaterowanie D.W.Potok ul.Kopyd\u0142o 42\u00a0 Wis\u0142a<\/strong><\/p>\n<p><strong>-spotkanie z Przewodnikiem g.15\/16<\/strong><\/p>\n<p><strong>\u00a0<\/strong><strong>Spacer po Wi\u015ble sladami mistrza A.Ma\u0142ysza, zwiedzanie: muzeum Narciarstwa, czekoladowa figura A. Ma\u0142ysza,aleja Gwiazd Sportu\u00a0 przej\u015bcie do Galerii Sportowych Trofe\u00f3w , przejazd autokarem i zwiedzanie skoczni\u00a0 narciarskiej im. A. Ma\u0142ysza\u00a0 <\/strong><\/p>\n<p><strong>Powr\u00f3t do D.W. Potok-obiadokolacja,czas wolny<\/strong><\/p>\n<p><strong><u>23.05.2020 (sobota)<\/u><\/strong><\/p>\n<p>&#8211;<strong>\u015bniadanie<\/strong><\/p>\n<p><strong>godz.9.00 spotkanie z przewodnikiem\u00a0 i\u00a0 wyjazd do Cieszyna Zwiedzanie starego miasta ,g\u00f3ry Zamkowej ,studni trzech braci,\u00a0 Wenecji Cieszy\u0144skiej, przej\u015bcie przez most do czeskiego Cieszyna por\u00f3wnanie rynk\u00f3w obu miast ,czas wolny.<\/strong><\/p>\n<ol start=\"12\">\n<li><strong> 12.45 powr\u00f3t do Wis\u0142y,przejazd przez prze\u0142\u0119cz Kubalonk\u0119 do Rezydencji Prezydenta RP\u00a0\u00a0 &#8211; Zamek\u00a0\u00a0 (zwiedzanie)<\/strong><\/li>\n<\/ol>\n<p><strong>&#8211;<\/strong><strong> Powr\u00f3t do D.W. Potok-obiadokolacja,czas wolny<\/strong><\/p>\n<p><strong>\u00a0<\/strong><strong><u>24.05.2020(niedziela)<\/u><\/strong><\/p>\n<p><strong>-sniadanie <\/strong><\/p>\n<p><strong>Trasa P\u0119tli Beskidzkiej zmierza dolin\u0105 Wis\u0142y na prze\u0142\u0119cz Kubalonka, na wysoko\u015b\u0107 761 m n.p.m., i dalej do Istebnej, gdzie w<\/strong><\/p>\n<p><strong>\u00a0XIX-sto wiecznej <em>kurnej <\/em>cha\u0142upie Jana Kawuloka* zobaczymy wn\u0119trze i stare drewniane instrumenty muzyczne. W pobliskim Koniakowie zachwycimy si\u0119 pi\u0119knymi, misternie zrobionymi pracami koronkarskimi. Trasa p\u0119tli liczy ok 120 km.<\/strong><\/p>\n<p><strong>W programie: <\/strong><strong>przejazd widokow\u0105 i bogat\u0105 w zabytki tras\u0105<\/strong><\/p>\n<p><strong>-zwiedzanie KURNEJ CHATY KAWULOKA z 1863 roku, pe\u0142nej starych sprz\u0119t\u00f3w i instrument\u00f3w muzycznych (fujarek, gajd, tr\u0105bit i pasterskich rog\u00f3w\u2026)<\/strong><\/p>\n<p><strong>-zwiedzanie MUZEUM KORONKARSTWA, w kt\u00f3rym znajduje si\u0119 koronka robiona z nici chirurgicznych dla kr\u00f3lowej Anglii.<\/strong><\/p>\n<p><strong>-Muzeum Browaru w \u017bywcu,<\/strong><strong> odwzorowuj\u0105 proces powstawania piwa\u00a0 +degustacja piwa\/ dla dzieci-sok<\/strong><\/p>\n<p><strong>Powr\u00f3t do D.W. Potok-obiadokolacja,czas wolny<\/strong><\/p>\n<p><strong><u>25.05.2020 (poniedzia\u0142ek)<\/u><\/strong><\/p>\n<p>&#8211;<strong>\u015bniadanie<\/strong><\/p>\n<p><strong>-pakowanie+opuszczenie D.W. Potok<\/strong><\/p>\n<p><strong>-przejazd po drodze w kierunku wyci\u0105gu krzese\u0142kowego na\u00a0 Czantoria ,wjazd \/podziwianie widok\u00f3w\/zjazd<\/strong><\/p>\n<p><strong>-wyjazd na Olsztyn<\/strong><\/p>\n<p>Cena :380\/os doros\u0142a,dzieci do lat 10 -300\/z\u0142<\/p>\n<p>W cenie transport,zakwaterowanie,3x\u015bniadanie,3xobiadokolacja,przewodnik,bilety wst\u0119pu<\/p>\n<p>Zapisy u Organizatora do 30\/03\/2020. Wp\u0142aty prosz\u0119 dokona\u0107 w terminie 06\/04\/2020 (poniedzia\u0142ek) u Organizatora (godz 16-30 w biurowcu g\u0142\u00f3wnym -parter)<\/p>\n<p><strong>\u00a02.W<\/strong><strong>ycieczka do Szczecina z wypadem do Berlina 19 \u2013 22 czerwca<\/strong><\/p>\n<p>Organizator: Krystyna Przekwas, tel. 606 389 037<\/p>\n<p>Program:<\/p>\n<ol start=\"19\">\n<li><u> czerwca (pi\u0105tek)<\/u> \u2013 przejazd autokarem Olsztyn \u2013 Szczecin. W Szczecinie obiadokolacja, zakwaterowanie w pokojach 2-osobowych w akademiku przy ul. Chopina. Czas wolny \u2013 odpoczynek po podr\u00f3\u017cy.<\/li>\n<\/ol>\n<p><u>20 czerwca (sobota)<\/u> \u2013 ca\u0142odzienne\u00a0 zwiedzanie Szczecina z przewodnikiem.\u00a0 Jedzenie i nocleg w akademiku.<\/p>\n<p><u>21 czerwca (niedziela)<\/u> \u2013 przejazd do Berlina (ok. 140 km), zwiedzanie z przewodnikiem i powr\u00f3t na nocleg do akademika w Szczecinie.<\/p>\n<p><u>22 czerwca (poniedzia\u0142ek)<\/u> \u2013 przejazd powrotny do Olsztyna<\/p>\n<p>Cena wycieczki to max 350 z\u0142. W cenie: przejazd, noclegi, wy\u017cywienie, bilety wst\u0119pu do zwiedzanych obiekt\u00f3w, oraz przewodnik.<\/p>\n<p>Zapisy prowadzi Krystyna Przekwas.\u00a0<\/p>\n<p>Szczeg\u00f3\u0142y dot. wp\u0142at podamy w terminie p\u00f3\u017aniejszym.<\/p>\n<p>\u00a0<\/p>\n<p><strong>3.Musical w teatrze Roma w Warszawie.<\/strong><\/p>\n<p>Termin: 27 czerwca<\/p>\n<p>Organizator: Ewa Ochnik tel. 600\u00a0198\u00a0259\/Stefania Zdanowicz \u00a0tel. 515\u00a0763 730<strong>\u00a0\u00a0\u00a0\u00a0\u00a0\u00a0\u00a0\u00a0\u00a0\u00a0\u00a0\u00a0\u00a0\u00a0\u00a0\u00a0\u00a0\u00a0\u00a0\u00a0\u00a0\u00a0\u00a0 <\/strong><\/p>\n<p><strong>\u00a0<\/strong>Zapraszamy na musical Aida do teatru Roma w Warszawie.<\/p>\n<p>Spektakl odb\u0119dzie si\u0119 w dniu 27 czerwca o godz. 15. 00.<\/p>\n<p>Aida do kt\u00f3rej muzyk\u0119 napisa\u0142 Elton John to historia zakazanej mi\u0142o\u015bci wzi\u0119tej do niewoli Aidy i kapitana Radamesa zar\u0119czonego z c\u00f3rk\u0105 faraona.<\/p>\n<p>Zapisy na spektakl wraz z op\u0142at\u0105 za bilet w cenie 130 PLN od osoby (I strefa) odb\u0119d\u0105 <strong>w dniu 12 marca w holu biurowca w godz. 14.00-16.00. <\/strong><\/p>\n","protected":false},"excerpt":{"rendered":"<p>Beskid Sl\u0105ski-Wis\u0142a,Cieszyn,\u017bywiec (4 dni) \u00a0\u00a0\u00a0\u00a0\u00a0\u00a0\u00a0\u00a0\u00a0\u00a0\u00a0\u00a0\u00a0\u00a0\u00a0 Termin 22-25.05.2020 Organizator: Robert Makuch, tel . 602-869-493 Program: 22.05.2020 (pi\u0105tek) zbi\u00f3rka:g\u0142\u00f3wny biurowiec godz 6-00 -przejazd Olsztyn -Wis\u0142a , zakwaterowanie D.W.Potok ul.Kopyd\u0142o 42\u00a0 Wis\u0142a -spotkanie z Przewodnikiem g.15\/16 \u00a0Spacer po Wi\u015ble sladami mistrza A.Ma\u0142ysza, zwiedzanie: &hellip; <a href=\"http:\/\/ozpttk.pl\/index.php\/2020\/najblizsze-wycieczki-klubu-krajoznawcow\/\">Czytaj dalej <span class=\"meta-nav\">&rarr;<\/span><\/a><\/p>\n","protected":false},"author":3,"featured_media":0,"comment_status":"closed","ping_status":"closed","sticky":false,"template":"","format":"standard","meta":{"footnotes":""},"categories":[4],"tags":[],"class_list":["post-1360","post","type-post","status-publish","format-standard","hentry","category-aktualnosci"],"_links":{"self":[{"href":"http:\/\/ozpttk.pl\/index.php\/wp-json\/wp\/v2\/posts\/1360","targetHints":{"allow":["GET"]}}],"collection":[{"href":"http:\/\/ozpttk.pl\/index.php\/wp-json\/wp\/v2\/posts"}],"about":[{"href":"http:\/\/ozpttk.pl\/index.php\/wp-json\/wp\/v2\/types\/post"}],"author":[{"embeddable":true,"href":"http:\/\/ozpttk.pl\/index.php\/wp-json\/wp\/v2\/users\/3"}],"replies":[{"embeddable":true,"href":"http:\/\/ozpttk.pl\/index.php\/wp-json\/wp\/v2\/comments?post=1360"}],"version-history":[{"count":3,"href":"http:\/\/ozpttk.pl\/index.php\/wp-json\/wp\/v2\/posts\/1360\/revisions"}],"predecessor-version":[{"id":1389,"href":"http:\/\/ozpttk.pl\/index.php\/wp-json\/wp\/v2\/posts\/1360\/revisions\/1389"}],"wp:attachment":[{"href":"http:\/\/ozpttk.pl\/index.php\/wp-json\/wp\/v2\/media?parent=1360"}],"wp:term":[{"taxonomy":"category","embeddable":true,"href":"http:\/\/ozpttk.pl\/index.php\/wp-json\/wp\/v2\/categories?post=1360"},{"taxonomy":"post_tag","embeddable":true,"href":"http:\/\/ozpttk.pl\/index.php\/wp-json\/wp\/v2\/tags?post=1360"}],"curies":[{"name":"wp","href":"https:\/\/api.w.org\/{rel}","templated":true}]}}