{"id":254,"date":"2013-02-25T12:47:37","date_gmt":"2013-02-25T12:47:37","guid":{"rendered":"http:\/\/ozpttk.pl\/?p=254"},"modified":"2013-02-25T12:48:13","modified_gmt":"2013-02-25T12:48:13","slug":"reaktywacja-klubu-turystyki-rowerowej-2","status":"publish","type":"post","link":"http:\/\/ozpttk.pl\/index.php\/2013\/reaktywacja-klubu-turystyki-rowerowej-2\/","title":{"rendered":"Reaktywacja Klubu Turystyki Rowerowej"},"content":{"rendered":"<p><a href=\"http:\/\/ozpttk.pl\/wp-content\/uploads\/2013\/02\/Bib_velo_VTC.jpg\"><img loading=\"lazy\" decoding=\"async\" class=\"alignleft size-thumbnail wp-image-247\" alt=\"Bib_velo_VTC\" src=\"http:\/\/ozpttk.pl\/wp-content\/uploads\/2013\/02\/Bib_velo_VTC-150x150.jpg\" width=\"150\" height=\"150\" \/><\/a><\/p>\n<p>Z wielk\u0105 rado\u015bci\u0105 informuj\u0119, \u017ce starania grupy inicjatywnej pod przewodnictwem kol. Jaros\u0142awa Romanowskiego zako\u0144czy\u0142y si\u0119 sukcesem. 18 lutego\u00a0 Zarz\u0105d OZ PTTK postanowi\u0142\u00a0 w\u0142\u0105czy\u0107 w struktury Oddzia\u0142u Zak\u0142adowego PTTK,\u00a0 reaktywowany po dw\u00f3ch dekadach nieobecno\u015bci\u00a0 <b><i>Klub Turystyki<\/i> <i>Rowerowej<\/i><\/b>.\u00a0 Grup\u0119 za\u0142o\u017cycielsk\u0105 stanowi 11 pracownik\u00f3w firmy Michelin Polska , kt\u00f3rzy ju\u017c od wielu lat sp\u0119dzaj\u0105 wolny czas na rowerach,\u00a0 odpoczywaj\u0105c a jednocze\u015bnie poznaj\u0105c region i kraj.<\/p>\n<p>19 lutego 2013 r. w Tawernie Tortuga odby\u0142o si\u0119 zebranie organizacyjne cz\u0142onk\u00f3w Klubu Turystyki Rowerowej. Prezesem klubu wybrano Jarka Romanowskiego. Ponadto kol Jarek oraz Marcin Pawlikowski i Marek Kostrzewa\u00a0\u00a0 zostali delegatami na XIII\u00a0 Zjazd Oddzia\u0142u Zak\u0142adowego PTTK przy Michelin S. A.<\/p>\n<p>Na spotkaniu inauguruj\u0105cym dzia\u0142alno\u015b\u0107 Klubu, przedstawiono zamierzenia na rok bie\u017c\u0105cy.\u00a0 Klub Turystyki Rowerowej b\u0119dzie organizowa\u0142 rajdy o r\u00f3\u017cnym stopniu trudno\u015bci, ka\u017cdy cyklista ma szans\u0119 znale\u017a\u0107 co\u015b dla siebie. Pe\u0142na oferta znajdzie si\u0119 w katalogu dzia\u0142a\u0144 OZ PTTK. Pracownik\u00f3w firmy a w szczeg\u00f3lno\u015bci cz\u0142onk\u00f3w PTTK posiadaj\u0105cych sprawny rower zapraszamy 6 kwietnia br. na rajd w okolicach Kudyp oraz Gietrzwa\u0142du, kt\u00f3ry zako\u0144czy si\u0119 ogniskiem w Gronitach. W razie niepogody, rajd integracyjny zostanie przeniesiony na niedziel\u0119 7 kwietnia. O szczeg\u00f3\u0142ach poinformujemy wkr\u00f3tce.<\/p>\n","protected":false},"excerpt":{"rendered":"<p>Z wielk\u0105 rado\u015bci\u0105 informuj\u0119, \u017ce starania grupy inicjatywnej pod przewodnictwem kol. Jaros\u0142awa Romanowskiego zako\u0144czy\u0142y si\u0119 sukcesem. 18 lutego\u00a0 Zarz\u0105d OZ PTTK postanowi\u0142\u00a0 w\u0142\u0105czy\u0107 w struktury Oddzia\u0142u Zak\u0142adowego PTTK,\u00a0 reaktywowany po dw\u00f3ch dekadach nieobecno\u015bci\u00a0 Klub Turystyki Rowerowej.\u00a0 Grup\u0119 za\u0142o\u017cycielsk\u0105 stanowi 11 &hellip; <a href=\"http:\/\/ozpttk.pl\/index.php\/2013\/reaktywacja-klubu-turystyki-rowerowej-2\/\">Czytaj dalej <span class=\"meta-nav\">&rarr;<\/span><\/a><\/p>\n","protected":false},"author":1,"featured_media":0,"comment_status":"closed","ping_status":"closed","sticky":false,"template":"","format":"standard","meta":{"footnotes":""},"categories":[4,12],"tags":[],"class_list":["post-254","post","type-post","status-publish","format-standard","hentry","category-aktualnosci","category-klub-turystyki-rowerowej"],"_links":{"self":[{"href":"http:\/\/ozpttk.pl\/index.php\/wp-json\/wp\/v2\/posts\/254","targetHints":{"allow":["GET"]}}],"collection":[{"href":"http:\/\/ozpttk.pl\/index.php\/wp-json\/wp\/v2\/posts"}],"about":[{"href":"http:\/\/ozpttk.pl\/index.php\/wp-json\/wp\/v2\/types\/post"}],"author":[{"embeddable":true,"href":"http:\/\/ozpttk.pl\/index.php\/wp-json\/wp\/v2\/users\/1"}],"replies":[{"embeddable":true,"href":"http:\/\/ozpttk.pl\/index.php\/wp-json\/wp\/v2\/comments?post=254"}],"version-history":[{"count":4,"href":"http:\/\/ozpttk.pl\/index.php\/wp-json\/wp\/v2\/posts\/254\/revisions"}],"predecessor-version":[{"id":258,"href":"http:\/\/ozpttk.pl\/index.php\/wp-json\/wp\/v2\/posts\/254\/revisions\/258"}],"wp:attachment":[{"href":"http:\/\/ozpttk.pl\/index.php\/wp-json\/wp\/v2\/media?parent=254"}],"wp:term":[{"taxonomy":"category","embeddable":true,"href":"http:\/\/ozpttk.pl\/index.php\/wp-json\/wp\/v2\/categories?post=254"},{"taxonomy":"post_tag","embeddable":true,"href":"http:\/\/ozpttk.pl\/index.php\/wp-json\/wp\/v2\/tags?post=254"}],"curies":[{"name":"wp","href":"https:\/\/api.w.org\/{rel}","templated":true}]}}