{"id":439,"date":"2013-08-08T13:03:32","date_gmt":"2013-08-08T13:03:32","guid":{"rendered":"http:\/\/ozpttk.pl\/?p=439"},"modified":"2013-08-08T13:07:15","modified_gmt":"2013-08-08T13:07:15","slug":"wycieczka-do-gdyni","status":"publish","type":"post","link":"http:\/\/ozpttk.pl\/index.php\/2013\/wycieczka-do-gdyni\/","title":{"rendered":"Wycieczka do Gdyni"},"content":{"rendered":"<p><!--[if gte mso 9]><xml>\n<w:WordDocument>\n<w:View>Normal<\/w:View>\n<w:Zoom>0<\/w:Zoom>\n<w:HyphenationZone>21<\/w:HyphenationZone>\n<w:PunctuationKerning\/>\n<w:ValidateAgainstSchemas\/>\n<w:SaveIfXMLInvalid>false<\/w:SaveIfXMLInvalid>\n<w:IgnoreMixedContent>false<\/w:IgnoreMixedContent>\n<w:AlwaysShowPlaceholderText>false<\/w:AlwaysShowPlaceholderText>\n<w:Compatibility>\n<w:BreakWrappedTables\/>\n<w:SnapToGridInCell\/>\n<w:WrapTextWithPunct\/>\n<w:UseAsianBreakRules\/>\n<w:DontGrowAutofit\/>\n<\/w:Compatibility>\n<w:BrowserLevel>MicrosoftInternetExplorer4<\/w:BrowserLevel>\n<\/w:WordDocument>\n<\/xml><![endif]--><\/p>\n<p><!--[if gte mso 9]><xml>\n<w:LatentStyles DefLockedState=\"false\" LatentStyleCount=\"156\">\n<\/w:LatentStyles>\n<\/xml><![endif]--><!--[if gte mso 10]>\n\n\n\n<style>\n \/* Style Definitions *\/\n table.MsoNormalTable\n\t{mso-style-name:Standardowy;\n\tmso-tstyle-rowband-size:0;\n\tmso-tstyle-colband-size:0;\n\tmso-style-noshow:yes;\n\tmso-style-parent:\"\";\n\tmso-padding-alt:0cm 5.4pt 0cm 5.4pt;\n\tmso-para-margin:0cm;\n\tmso-para-margin-bottom:.0001pt;\n\tmso-pagination:widow-orphan;\n\tfont-size:10.0pt;\n\tfont-family:\"Times New Roman\";\n\tmso-ansi-language:#0400;\n\tmso-fareast-language:#0400;\n\tmso-bidi-language:#0400;}\n<\/style>\n\n<![endif]--><\/p>\n<p class=\"MsoNormal\" style=\"text-align: center;\" align=\"center\"><b style=\"mso-bidi-font-weight: normal;\"><span style=\"font-size: 16.0pt;\">Klub Turystyki Krajoznawczej OZ PTTK<\/span><\/b><\/p>\n<p class=\"MsoNormal\" style=\"text-align: center;\" align=\"center\"><b style=\"mso-bidi-font-weight: normal;\"><span style=\"font-size: 16.0pt;\">organizuje w dniu 21.09. (sobota)<\/span><\/b><\/p>\n<p class=\"MsoNormal\" style=\"text-align: center;\" align=\"center\"><b style=\"mso-bidi-font-weight: normal;\"><span style=\"font-size: 16.0pt; color: blue;\">Wycieczk\u0119 do Gdyni<\/span><\/b><\/p>\n<p class=\"MsoNormal\"><b style=\"mso-bidi-font-weight: normal;\"><span style=\"font-size: 16.0pt; color: blue;\">\u00a0<\/span><\/b><span style=\"font-size: 14.0pt;\">W programie: <\/span><\/p>\n<p class=\"MsoNormal\"><span style=\"font-size: 14.0pt;\">&#8211; Oceanarium (Gdy\u0144skie Akwarium)<\/span><\/p>\n<p class=\"MsoNormal\"><span style=\"font-size: 14.0pt;\">&#8211; Spektakl muzyczny \u201eCh\u0142opi\u201d w Teatrze Muzycznym<\/span><\/p>\n<p class=\"MsoNormal\"><span style=\"font-size: 14.0pt;\">Zapisy ch\u0119tnych prowadzi Andrzej Zyborowicz \u2013 tel. 4970 oraz biuro PTTK \u2013 tel. 4498<\/span><\/p>\n<p class=\"MsoNormal\"><span style=\"font-size: 14.0pt;\">Ceny bilet\u00f3w do teatru: 80 z\u0142 normalny,<span style=\"mso-spacerun: yes;\">\u00a0 <\/span>50 z\u0142 ulgowy<\/span><\/p>\n<p class=\"MsoNormal\"><span style=\"font-size: 14.0pt;\">Ceny bilet\u00f3w do oceanarium: 24 z\u0142 normalny,<span style=\"mso-spacerun: yes;\">\u00a0 <\/span>16 z\u0142 ulgowy<\/span><\/p>\n<p class=\"MsoNormal\"><span style=\"font-size: 14.0pt;\">\u00a0<\/span><\/p>\n<p class=\"MsoNormal\"><span style=\"font-size: 14.0pt;\">Op\u0142aty nale\u017cy dokona\u0107 najp\u00f3\u017aniej 26 sierpnia w biurze PTTK w godz.13.00 \u2013 16.00.<\/span><\/p>\n<p class=\"MsoNormal\"><span style=\"font-size: 14.0pt;\">\u00a0\u00a0\u00a0\u00a0\u00a0\u00a0\u00a0\u00a0\u00a0\u00a0\u00a0\u00a0\u00a0\u00a0\u00a0\u00a0\u00a0\u00a0\u00a0\u00a0\u00a0\u00a0 Spo\u0142eczny organizator z ramienia PTTK &#8211; Janina Zyborowicz<br \/>\n<\/span><\/p>\n<p class=\"MsoNormal\" style=\"text-align: right;\" align=\"right\"><span style=\"font-size: 14.0pt;\">Zapraszamy<\/span><\/p>\n<p class=\"MsoNormal\">\n","protected":false},"excerpt":{"rendered":"<p>Klub Turystyki Krajoznawczej OZ PTTK organizuje w dniu 21.09. (sobota) Wycieczk\u0119 do Gdyni \u00a0W programie: &#8211; Oceanarium (Gdy\u0144skie Akwarium) &#8211; Spektakl muzyczny \u201eCh\u0142opi\u201d w Teatrze Muzycznym Zapisy ch\u0119tnych prowadzi Andrzej Zyborowicz \u2013 tel. 4970 oraz biuro PTTK \u2013 tel. 4498 &hellip; <a href=\"http:\/\/ozpttk.pl\/index.php\/2013\/wycieczka-do-gdyni\/\">Czytaj dalej <span class=\"meta-nav\">&rarr;<\/span><\/a><\/p>\n","protected":false},"author":3,"featured_media":0,"comment_status":"closed","ping_status":"closed","sticky":false,"template":"","format":"standard","meta":{"footnotes":""},"categories":[4],"tags":[],"class_list":["post-439","post","type-post","status-publish","format-standard","hentry","category-aktualnosci"],"_links":{"self":[{"href":"http:\/\/ozpttk.pl\/index.php\/wp-json\/wp\/v2\/posts\/439","targetHints":{"allow":["GET"]}}],"collection":[{"href":"http:\/\/ozpttk.pl\/index.php\/wp-json\/wp\/v2\/posts"}],"about":[{"href":"http:\/\/ozpttk.pl\/index.php\/wp-json\/wp\/v2\/types\/post"}],"author":[{"embeddable":true,"href":"http:\/\/ozpttk.pl\/index.php\/wp-json\/wp\/v2\/users\/3"}],"replies":[{"embeddable":true,"href":"http:\/\/ozpttk.pl\/index.php\/wp-json\/wp\/v2\/comments?post=439"}],"version-history":[{"count":8,"href":"http:\/\/ozpttk.pl\/index.php\/wp-json\/wp\/v2\/posts\/439\/revisions"}],"predecessor-version":[{"id":447,"href":"http:\/\/ozpttk.pl\/index.php\/wp-json\/wp\/v2\/posts\/439\/revisions\/447"}],"wp:attachment":[{"href":"http:\/\/ozpttk.pl\/index.php\/wp-json\/wp\/v2\/media?parent=439"}],"wp:term":[{"taxonomy":"category","embeddable":true,"href":"http:\/\/ozpttk.pl\/index.php\/wp-json\/wp\/v2\/categories?post=439"},{"taxonomy":"post_tag","embeddable":true,"href":"http:\/\/ozpttk.pl\/index.php\/wp-json\/wp\/v2\/tags?post=439"}],"curies":[{"name":"wp","href":"https:\/\/api.w.org\/{rel}","templated":true}]}}